{"id":1030,"date":"2026-03-16T11:57:54","date_gmt":"2026-03-16T14:57:54","guid":{"rendered":"https:\/\/worldcreativity.org\/?p=1030"},"modified":"2026-03-16T12:05:29","modified_gmt":"2026-03-16T15:05:29","slug":"mais-de-3-mil-profissionais-ja-iniciaram-a-construcao-colaborativa-do-wcd-2026","status":"publish","type":"post","link":"https:\/\/worldcreativity.org\/pt\/mais-de-3-mil-profissionais-ja-iniciaram-a-construcao-colaborativa-do-wcd-2026\/","title":{"rendered":"Mais de 3 mil profissionais j\u00e1 iniciaram a constru\u00e7\u00e3o colaborativa do WCD 2026"},"content":{"rendered":"<p>No<strong> World Creativity Day 2026<\/strong>, entre <strong>21 de janeiro e 11 de mar\u00e7o<\/strong>, algo silencioso, mas profundamente significativo, aconteceu em dezenas de cidades: <strong>a mobiliza\u00e7\u00e3o de milhares de profissionais de comunidades criativas distribu\u00eddas pelo territ\u00f3rio nacional<\/strong>.<\/p>\n\n\n\n<p>Durante essas semanas, profissionais de diferentes \u00e1reas, designers, educadores, empreendedores, pesquisadores, artistas, gestores culturais e l\u00edderes comunit\u00e1rios, responderam ao chamado das lideran\u00e7as locais licenciadas pela <strong>World Creativity Organization<\/strong> para cocriar a pr\u00f3xima edi\u00e7\u00e3o do festival que celebra o <strong>Dia Mundial da Criatividade<\/strong>, reconhecido globalmente.<\/p>\n\n\n\n<p>Ao todo, <strong>3.123 profissionais da criatividade<\/strong> se inscreveram para contribuir diretamente com o conte\u00fado do festival, enquanto <strong>238 organiza\u00e7\u00f5es parceiras<\/strong> abriram portas, ofereceram infraestrutura e apoiaram a realiza\u00e7\u00e3o das atividades.<\/p>\n\n\n\n<p>Os n\u00fameros ajudam a dimensionar o momento:<\/p>\n\n\n\n<ul class=\"wp-block-list\">\n<li><strong>1.410 volunt\u00e1rios<\/strong><\/li>\n\n\n\n<li><strong>1.713 inspiradores<\/strong><\/li>\n\n\n\n<li><strong>138 anfitri\u00f5es<\/strong> de espa\u00e7os culturais, educacionais e institucionais<\/li>\n\n\n\n<li><strong>100 patrocinadores<\/strong> comprometidos com iniciativas locais<\/li>\n\n\n\n<li><strong>1.806 atividades criativas<\/strong> propostas para a programa\u00e7\u00e3o<\/li>\n<\/ul>\n\n\n\n<p>S\u00e3o n\u00fameros expressivos. Mas, para a <strong>World Creativity Organization<\/strong>, eles contam apenas parte da hist\u00f3ria.<\/p>\n\n\n\n<h1 class=\"wp-block-heading\">Muito al\u00e9m de um festival<\/h1>\n\n\n\n<p>Para quem observa de fora, o <strong>World Creativity Day<\/strong> pode parecer um grande festival internacional: milhares de atividades gratuitas, m\u00faltiplas cidades participantes e uma intensa circula\u00e7\u00e3o de ideias.<\/p>\n\n\n\n<p>Mas, por tr\u00e1s do calend\u00e1rio oficial, existe algo mais profundo acontecendo.<\/p>\n\n\n\n<p>Desde sua cria\u00e7\u00e3o, o projeto vem se consolidando como <strong>uma infraestrutura institucional para a constru\u00e7\u00e3o de comunidades de profissionais da criatividade<\/strong>.<\/p>\n\n\n\n<p>A cada edi\u00e7\u00e3o, novos v\u00ednculos se formam entre pessoas que talvez nunca se encontrassem em outros contextos: professores e jovens criadores, artistas e urbanistas, cientistas e educadores, gestores p\u00fablicos, empreendedores e investidores. <\/p>\n\n\n\n<p>Essa rede cresce cidade por cidade, encontro por encontro, colabora\u00e7\u00e3o por colabora\u00e7\u00e3o.<\/p>\n\n\n\n<p>Em um mundo onde muitos eventos se organizam em torno de <strong>plataformas de visibilidade ou ativa\u00e7\u00f5es de marca em busca de hype<\/strong>, o World Creativity Day opera em outra l\u00f3gica: <strong>a l\u00f3gica da comunidade<\/strong>.<\/p>\n\n\n\n<p>O festival \u00e9, de certa forma, apenas o momento em que essa rede se torna vis\u00edvel.<\/p>\n\n\n\n<p><strong>O que permanece, e o que realmente importa, s\u00e3o as conex\u00f5es que continuam existindo depois atrav\u00e9s da rede global de profissionais da criatividade<\/strong>, a World Creativity Organization.<\/p>\n\n\n\n<h1 class=\"wp-block-heading\">O pr\u00f3ximo marco: abertura das inscri\u00e7\u00f5es<\/h1>\n\n\n\n<p>O pr\u00f3ximo momento decisivo acontece no <strong>dia 19 de mar\u00e7o<\/strong>, quando ser\u00e1 aberta a <strong>bilheteria oficial do World Creativity Day 2026<\/strong> atrav\u00e9s da plataforma <strong>WCO Members.<\/strong><\/p>\n\n\n\n<p>A partir dessa data, participantes de todo o pa\u00eds poder\u00e3o se inscrever gratuitamente nas milhares de atividades que comp\u00f5em a programa\u00e7\u00e3o do festival.<\/p>\n\n\n\n<p>Ser\u00e3o encontros de diferentes formatos:<\/p>\n\n\n\n<ul class=\"wp-block-list\">\n<li>palestras e conversas p\u00fablicas<\/li>\n\n\n\n<li>workshops e laborat\u00f3rios criativos<\/li>\n\n\n\n<li>exposi\u00e7\u00f5es e experi\u00eancias culturais<\/li>\n\n\n\n<li>atividades educacionais<\/li>\n\n\n\n<li>encontros comunit\u00e1rios e iniciativas de inova\u00e7\u00e3o social<\/li>\n<\/ul>\n\n\n\n<p>Tudo organizado por pessoas que acreditam que <strong>criatividade n\u00e3o \u00e9 s\u00f3 express\u00e3o art\u00edstica, mas uma compet\u00eancia essencial para enfrentar os desafios contempor\u00e2neos<\/strong>.<\/p>\n\n\n\n<h1 class=\"wp-block-heading\">O Ano da Criatividade no Brasil<\/h1>\n\n\n\n<p>A edi\u00e7\u00e3o de 2026 acontece em um contexto particularmente simb\u00f3lico: o <strong>Ano da Criatividade no Brasil<\/strong>.<\/p>\n\n\n\n<p>Esse marco amplia a relev\u00e2ncia do festival ao refor\u00e7ar o papel da criatividade como motor de desenvolvimento cultural, econ\u00f4mico e social.<\/p>\n\n\n\n<p>Mais do que celebrar talentos individuais, o momento convida o pa\u00eds a refletir sobre algo maior: <strong>como construir ecossistemas criativos mais fortes, inclusivos e conectados<\/strong>.<\/p>\n\n\n\n<p>Nesse cen\u00e1rio, o World Creativity Day funciona como uma plataforma aberta para que cidades experimentem novas formas de colabora\u00e7\u00e3o entre setores que historicamente operam de forma isolada.<\/p>\n\n\n\n<h1 class=\"wp-block-heading\">Reconhecimento global, impacto local<\/h1>\n\n\n\n<p>O <strong>Dia Mundial da Criatividade e Inova\u00e7\u00e3o<\/strong> foi reconhecido pelas Na\u00e7\u00f5es Unidas em 2017, como uma forma de destacar o papel da criatividade na constru\u00e7\u00e3o de sociedades mais sustent\u00e1veis.<\/p>\n\n\n\n<p>Esse reconhecimento global trouxe visibilidade ao movimento.<\/p>\n\n\n\n<p><strong>Mas o verdadeiro valor do World Creativity Day, criado em 2014 no Brasil, continua sendo local.<\/strong><\/p>\n\n\n\n<p>Ele se manifesta nas universidades que abrem suas portas, nos centros culturais que acolhem encontros, nas empresas que compartilham conhecimento, nas escolas que participam das atividades e nas comunidades que se apropriam das experi\u00eancias.<\/p>\n\n\n\n<p>Cada cidade que participa n\u00e3o apenas recebe um festival. Ela <strong>ativa um ecossistema criativo pr\u00f3prio<\/strong>.<\/p>\n\n\n\n<h1 class=\"wp-block-heading\">Um movimento em crescimento<\/h1>\n\n\n\n<p>\u00c0 medida que o World Creativity Day 2026 se aproxima, fica cada vez mais claro que o festival n\u00e3o \u00e9 apenas um evento anual. Ele \u00e9 parte de um movimento mais amplo que busca fortalecer <strong>comunidades de profissionais da criatividade capazes de imaginar e construir futuros poss\u00edveis<\/strong> no presente. <\/p>\n\n\n\n<p>O festival dura alguns dias. A comunidade que ele cria pode durar d\u00e9cadas.<\/p>\n\n\n\n<p>E \u00e9 justamente nesse intervalo, entre o encontro e a continuidade, que reside o verdadeiro impacto da iniciativa. No dia <strong>19 de mar\u00e7o<\/strong>, quando as inscri\u00e7\u00f5es forem abertas ao p\u00fablico, milhares de pessoas ter\u00e3o a oportunidade de participar dessa experi\u00eancia. Mas o que elas encontrar\u00e3o ali n\u00e3o ser\u00e1 apenas uma programa\u00e7\u00e3o. <\/p>\n\n\n\n<p>Ser\u00e1 <strong>uma comunidade global em constru\u00e7\u00e3o<\/strong>. Fa\u00e7a parte disso. <\/p>\n\n\n\n<p><\/p>","protected":false},"excerpt":{"rendered":"<p>No World Creativity Day 2026, entre 21 de janeiro e 11 de mar\u00e7o, algo silencioso, mas profundamente significativo, aconteceu em dezenas de cidades: a mobiliza\u00e7\u00e3o de milhares de profissionais de comunidades criativas distribu\u00eddas pelo territ\u00f3rio nacional. Durante essas semanas, profissionais de diferentes \u00e1reas, designers, educadores, empreendedores, pesquisadores, artistas, gestores culturais e l\u00edderes comunit\u00e1rios, responderam ao [&hellip;]<\/p>","protected":false},"author":36,"featured_media":1032,"comment_status":"open","ping_status":"open","sticky":false,"template":"","format":"standard","meta":{"_acf_changed":false,"footnotes":""},"categories":[1],"tags":[],"class_list":["post-1030","post","type-post","status-publish","format-standard","has-post-thumbnail","hentry","category-sem-categoria"],"acf":[],"_links":{"self":[{"href":"https:\/\/worldcreativity.org\/pt\/wp-json\/wp\/v2\/posts\/1030","targetHints":{"allow":["GET"]}}],"collection":[{"href":"https:\/\/worldcreativity.org\/pt\/wp-json\/wp\/v2\/posts"}],"about":[{"href":"https:\/\/worldcreativity.org\/pt\/wp-json\/wp\/v2\/types\/post"}],"author":[{"embeddable":true,"href":"https:\/\/worldcreativity.org\/pt\/wp-json\/wp\/v2\/users\/36"}],"replies":[{"embeddable":true,"href":"https:\/\/worldcreativity.org\/pt\/wp-json\/wp\/v2\/comments?post=1030"}],"version-history":[{"count":7,"href":"https:\/\/worldcreativity.org\/pt\/wp-json\/wp\/v2\/posts\/1030\/revisions"}],"predecessor-version":[{"id":1040,"href":"https:\/\/worldcreativity.org\/pt\/wp-json\/wp\/v2\/posts\/1030\/revisions\/1040"}],"wp:featuredmedia":[{"embeddable":true,"href":"https:\/\/worldcreativity.org\/pt\/wp-json\/wp\/v2\/media\/1032"}],"wp:attachment":[{"href":"https:\/\/worldcreativity.org\/pt\/wp-json\/wp\/v2\/media?parent=1030"}],"wp:term":[{"taxonomy":"category","embeddable":true,"href":"https:\/\/worldcreativity.org\/pt\/wp-json\/wp\/v2\/categories?post=1030"},{"taxonomy":"post_tag","embeddable":true,"href":"https:\/\/worldcreativity.org\/pt\/wp-json\/wp\/v2\/tags?post=1030"}],"curies":[{"name":"wp","href":"https:\/\/api.w.org\/{rel}","templated":true}]}}