{"id":1047,"date":"2026-04-27T17:01:52","date_gmt":"2026-04-27T20:01:52","guid":{"rendered":"https:\/\/worldcreativity.org\/?p=1047"},"modified":"2026-04-27T17:10:11","modified_gmt":"2026-04-27T20:10:11","slug":"criatividade-ganha-infraestrutura-profissional","status":"publish","type":"post","link":"https:\/\/worldcreativity.org\/es\/criatividade-ganha-infraestrutura-profissional\/","title":{"rendered":"Criatividade ganha infraestrutura profissional com mais de 20 mil membros e 40 comunidades espalhadas pelo Brasil"},"content":{"rendered":"<p>Como principal legado da edi\u00e7\u00e3o especial do <a href=\"https:\/\/worldcreativityday.com\" target=\"_blank\" rel=\"noopener\">World Creativity Day <\/a>em comemora\u00e7\u00e3o ao Ano da Criatividade no Brasil, a <a href=\"https:\/\/worldcreativity.org\/es\/\" data-type=\"link\" data-id=\"https:\/\/worldcreativity.org\">World Creativity Organization<\/a> anunciou o lan\u00e7amento de uma infraestrutura in\u00e9dita para a valoriza\u00e7\u00e3o dos profissionais da criatividade. A <a href=\"https:\/\/wcomembers.com\" data-type=\"link\" data-id=\"https:\/\/wcomembers.com\" target=\"_blank\" rel=\"noopener\">WCO Members<\/a> foi concebida para consolidar em um \u00fanico ambiente, servi\u00e7os, comunidades e oportunidades, estruturando definitivamente um ecossistema integrado para a for\u00e7a de trabalho criativa global. <\/p>\n\n\n\n<p>A plataforma j\u00e1 conta com mais de 20 mil usu\u00e1rios e est\u00e1 distribu\u00edda em mais de 40 comunidades criativas locais em todas as regi\u00f5es do pa\u00eds. O servi\u00e7o<em> <\/em>nasce em resposta a uma demanda crescente por ambientes mais qualificados de conex\u00e3o profissional, colabora\u00e7\u00e3o e gera\u00e7\u00e3o de oportunidades em um setor historicamente marcado pela fragmenta\u00e7\u00e3o e invisibilidade. Ao criar um sistema de organiza\u00e7\u00e3o produtiva, a <a href=\"https:\/\/worldcreativity.org\/es\/\">World Creativity Organization <\/a>consolida sua atua\u00e7\u00e3o com uma capilaridade \u00fanica, capaz de articular networking, conte\u00fado, eventos, benef\u00edcios e desenvolvimento profissional em escala nacional e internacional.<\/p>\n\n\n\n<hr class=\"wp-block-separator has-alpha-channel-opacity\"\/>\n\n\n\n<h2 class=\"wp-block-heading\">De eventos descentralizados para infraestrutura profissional integrada<\/h2>\n\n\n\n<p>O desenho da <a href=\"https:\/\/wcomembers.com\" data-type=\"link\" data-id=\"https:\/\/wcomembers.com\" target=\"_blank\" rel=\"noopener\">WCO Members<\/a>, desenvolvida com o padr\u00e3o de qualidade da empresa de tecnologia <a href=\"https:\/\/appnoz.com.br\/\" data-type=\"link\" data-id=\"https:\/\/appnoz.com.br\/\" target=\"_blank\" rel=\"noopener\">NOZ<\/a>, indica uma evolu\u00e7\u00e3o do maior festival colaborativo de criatividade do mundo. Em vez de operar apenas como canal de intera\u00e7\u00e3o, a plataforma organiza diferentes camadas da atividade profissional: comunidades locais, agenda de eventos, publica\u00e7\u00f5es, programas de forma\u00e7\u00e3o e mecanismos de incentivo e participa\u00e7\u00e3o.<\/p>\n\n\n\n<figure class=\"wp-block-image size-large\"><img loading=\"lazy\" decoding=\"async\" width=\"1024\" height=\"683\" src=\"https:\/\/worldcreativity.org\/wp-content\/uploads\/2026\/04\/WhatsApp-Image-2026-04-24-at-17.52.39-1024x683.jpeg\" alt=\"\" class=\"wp-image-1049\" srcset=\"https:\/\/worldcreativity.org\/wp-content\/uploads\/2026\/04\/WhatsApp-Image-2026-04-24-at-17.52.39-1024x683.jpeg 1024w, https:\/\/worldcreativity.org\/wp-content\/uploads\/2026\/04\/WhatsApp-Image-2026-04-24-at-17.52.39-300x200.jpeg 300w, https:\/\/worldcreativity.org\/wp-content\/uploads\/2026\/04\/WhatsApp-Image-2026-04-24-at-17.52.39-768x512.jpeg 768w, https:\/\/worldcreativity.org\/wp-content\/uploads\/2026\/04\/WhatsApp-Image-2026-04-24-at-17.52.39-18x12.jpeg 18w, https:\/\/worldcreativity.org\/wp-content\/uploads\/2026\/04\/WhatsApp-Image-2026-04-24-at-17.52.39.jpeg 1280w\" sizes=\"auto, (max-width: 1024px) 100vw, 1024px\" \/><\/figure>\n\n\n\n<p>Esse tipo de abordagem, que combina rede, servi\u00e7os e governan\u00e7a distribu\u00edda, aproxima o modelo de estruturas j\u00e1 consolidadas em outros campos profissionais, como o <a href=\"https:\/\/www.pmi.org\/\" data-type=\"link\" data-id=\"https:\/\/www.pmi.org\/\" target=\"_blank\" rel=\"noopener\">Project Management Institute<\/a>, na \u00e1rea de gest\u00e3o de projetos, e o <a href=\"https:\/\/fpsb.org\/\" target=\"_blank\" rel=\"noopener\">Financial Planning Standards Board<\/a>, respons\u00e1vel por padr\u00f5es internacionais no planejamento financeiro.<\/p>\n\n\n\n<p>A diferen\u00e7a, neste caso, est\u00e1 na natureza do setor: enquanto essas institui\u00e7\u00f5es operam sobre profiss\u00f5es j\u00e1 estabelecidas, a economia criativa \u00e9, por defini\u00e7\u00e3o, transversal, por isso, carente de formaliza\u00e7\u00e3o.<\/p>\n\n\n\n<hr class=\"wp-block-separator has-alpha-channel-opacity\"\/>\n\n\n\n<h2 class=\"wp-block-heading\">Uma infraestrutura completa para o desenvolvimento profissional<\/h2>\n\n\n\n<p>Diferentemente de solu\u00e7\u00f5es tradicionais, o WCO Members foi concebido como uma infraestrutura profissional completa, integrando m\u00faltiplas funcionalidades e servi\u00e7os em um \u00fanico ambiente:<\/p>\n\n\n\n<ul class=\"wp-block-list\">\n<li><strong>Rede Mais Criativa (rede social profissional segmentada)<\/strong><\/li>\n\n\n\n<li><strong>Portal de conte\u00fado e publica\u00e7\u00f5es<\/strong><\/li>\n\n\n\n<li><strong>Networking estruturado por cidades<\/strong><\/li>\n\n\n\n<li><strong>Calend\u00e1rio anual da criatividade<\/strong><\/li>\n\n\n\n<li><strong>Gest\u00e3o e participa\u00e7\u00e3o em eventos<\/strong><\/li>\n\n\n\n<li><strong>Clube de benef\u00edcios<\/strong><\/li>\n\n\n\n<li><strong>Oportunidades e vagas<\/strong><\/li>\n\n\n\n<li><strong>Educa\u00e7\u00e3o e certifica\u00e7\u00e3o profissional<\/strong><\/li>\n<\/ul>\n\n\n\n<p>Na pr\u00e1tica, a World Creativity Organization organiza, em um \u00fanico ambiente, servi\u00e7os hoje dispersos em diferentes ferramentas, criando uma rede cont\u00ednua de intera\u00e7\u00e3o, desenvolvimento e gera\u00e7\u00e3o de oportunidades para profissionais da criatividade.<\/p>\n\n\n\n<hr class=\"wp-block-separator has-alpha-channel-opacity\"\/>\n\n\n\n<h2 class=\"wp-block-heading\">Organiza\u00e7\u00e3o da for\u00e7a de trabalho criativa<\/h2>\n\n\n\n<p>A cria\u00e7\u00e3o da plataforma responde a um desafio hist\u00f3rico dos profissionais da criatividade: a aus\u00eancia de uma estrutura organizada que articule o desenvolvimento de seus talentos, territ\u00f3rios e oportunidades de forma integrada.<\/p>\n\n\n\n<figure class=\"wp-block-image size-large\"><img loading=\"lazy\" decoding=\"async\" width=\"1024\" height=\"811\" src=\"https:\/\/worldcreativity.org\/wp-content\/uploads\/2026\/04\/WhatsApp-Image-2026-04-23-at-22.19.27-1024x811.jpeg\" alt=\"\" class=\"wp-image-1050\" srcset=\"https:\/\/worldcreativity.org\/wp-content\/uploads\/2026\/04\/WhatsApp-Image-2026-04-23-at-22.19.27-1024x811.jpeg 1024w, https:\/\/worldcreativity.org\/wp-content\/uploads\/2026\/04\/WhatsApp-Image-2026-04-23-at-22.19.27-300x238.jpeg 300w, https:\/\/worldcreativity.org\/wp-content\/uploads\/2026\/04\/WhatsApp-Image-2026-04-23-at-22.19.27-768x609.jpeg 768w, https:\/\/worldcreativity.org\/wp-content\/uploads\/2026\/04\/WhatsApp-Image-2026-04-23-at-22.19.27-15x12.jpeg 15w, https:\/\/worldcreativity.org\/wp-content\/uploads\/2026\/04\/WhatsApp-Image-2026-04-23-at-22.19.27.jpeg 1421w\" sizes=\"auto, (max-width: 1024px) 100vw, 1024px\" \/><\/figure>\n\n\n\n<p>Ao consolidar comunidades criativas locais, conte\u00fados, eventos e servi\u00e7os em um \u00fanico ambiente, a iniciativa avan\u00e7a na constru\u00e7\u00e3o de um sistema estruturado para a for\u00e7a de trabalho criativa, com potencial de expans\u00e3o internacional.<\/p>\n\n\n\n<hr class=\"wp-block-separator has-alpha-channel-opacity\"\/>\n\n\n\n<h2 class=\"wp-block-heading\">Escala com base territorial<\/h2>\n\n\n\n<p>Um dos elementos centrais do modelo \u00e9 a organiza\u00e7\u00e3o por cidades. A plataforma j\u00e1 registra comunidades com algumas centenas e, em alguns casos, mais de mil participantes em diferentes regi\u00f5es do pa\u00eds, ao mesmo tempo em que outras localidades ainda est\u00e3o em fase inicial.<\/p>\n\n\n\n<p>A principal evid\u00eancia de uso at\u00e9 aqui ocorreu durante o <a href=\"https:\/\/worlcreativityday.com\" target=\"_blank\" rel=\"noopener\">World Creativity Day<\/a>, evento internacional coordenado pela pr\u00f3pria organiza\u00e7\u00e3o. Segundo dados divulgados pela plataforma, foram registrados 1.659 eventos e cerca de 35 mil inscri\u00e7\u00f5es em atividades realizadas em diferentes cidades brasileiras.<\/p>\n\n\n\n<p>Embora o n\u00famero de inscri\u00e7\u00f5es n\u00e3o permita, por si s\u00f3, medir participa\u00e7\u00e3o efetiva ou engajamento cont\u00ednuo, ele indica capacidade de mobiliza\u00e7\u00e3o, um dos fatores cr\u00edticos para a consolida\u00e7\u00e3o de plataformas baseadas em comunidade.<\/p>\n\n\n\n<hr class=\"wp-block-separator has-alpha-channel-opacity\"\/>\n\n\n\n<p>A cria\u00e7\u00e3o de uma infraestrutura digital para a economia criativa responde a uma lacuna conhecida: a aus\u00eancia de mecanismos estruturados que organizem um setor marcado pela informalidade, pela dispers\u00e3o e pela diversidade de perfis profissionais.<\/p>\n\n\n\n<figure class=\"wp-block-image size-large\"><img loading=\"lazy\" decoding=\"async\" width=\"768\" height=\"1024\" src=\"https:\/\/worldcreativity.org\/wp-content\/uploads\/2026\/04\/WhatsApp-Image-2026-04-23-at-23.43.34-768x1024.jpeg\" alt=\"\" class=\"wp-image-1051\" srcset=\"https:\/\/worldcreativity.org\/wp-content\/uploads\/2026\/04\/WhatsApp-Image-2026-04-23-at-23.43.34-768x1024.jpeg 768w, https:\/\/worldcreativity.org\/wp-content\/uploads\/2026\/04\/WhatsApp-Image-2026-04-23-at-23.43.34-225x300.jpeg 225w, https:\/\/worldcreativity.org\/wp-content\/uploads\/2026\/04\/WhatsApp-Image-2026-04-23-at-23.43.34-1152x1536.jpeg 1152w, https:\/\/worldcreativity.org\/wp-content\/uploads\/2026\/04\/WhatsApp-Image-2026-04-23-at-23.43.34-1536x2048.jpeg 1536w, https:\/\/worldcreativity.org\/wp-content\/uploads\/2026\/04\/WhatsApp-Image-2026-04-23-at-23.43.34-9x12.jpeg 9w, https:\/\/worldcreativity.org\/wp-content\/uploads\/2026\/04\/WhatsApp-Image-2026-04-23-at-23.43.34-scaled.jpeg 1920w\" sizes=\"auto, (max-width: 768px) 100vw, 768px\" \/><\/figure>\n\n\n\n<p>O WCO Members busca aplicar \u00e0 economia criativa um modelo de estrutura\u00e7\u00e3o semelhante ao de outras organiza\u00e7\u00f5es profissionais j\u00e1 consolidadas.<\/p>\n\n\n\n<p>Consolidar-se como uma infraestrutura permanente depender\u00e1 da capacidade de transformar ades\u00e3o inicial em uso recorrente. Por ora, os n\u00fameros indicam tra\u00e7\u00e3o relevante. A consist\u00eancia desse crescimento, no entanto, ser\u00e1 o principal indicador a ser observado nos pr\u00f3ximos ciclos.<\/p>","protected":false},"excerpt":{"rendered":"<p>Como principal legado da edi\u00e7\u00e3o especial do World Creativity Day em comemora\u00e7\u00e3o ao Ano da Criatividade no Brasil, a World Creativity Organization anunciou o lan\u00e7amento de uma infraestrutura in\u00e9dita para a valoriza\u00e7\u00e3o dos profissionais da criatividade. A WCO Members foi concebida para consolidar em um \u00fanico ambiente, servi\u00e7os, comunidades e oportunidades, estruturando definitivamente um ecossistema [&hellip;]<\/p>","protected":false},"author":36,"featured_media":1056,"comment_status":"open","ping_status":"open","sticky":false,"template":"","format":"standard","meta":{"_acf_changed":false,"footnotes":""},"categories":[1],"tags":[],"class_list":["post-1047","post","type-post","status-publish","format-standard","has-post-thumbnail","hentry","category-sem-categoria"],"acf":[],"_links":{"self":[{"href":"https:\/\/worldcreativity.org\/es\/wp-json\/wp\/v2\/posts\/1047","targetHints":{"allow":["GET"]}}],"collection":[{"href":"https:\/\/worldcreativity.org\/es\/wp-json\/wp\/v2\/posts"}],"about":[{"href":"https:\/\/worldcreativity.org\/es\/wp-json\/wp\/v2\/types\/post"}],"author":[{"embeddable":true,"href":"https:\/\/worldcreativity.org\/es\/wp-json\/wp\/v2\/users\/36"}],"replies":[{"embeddable":true,"href":"https:\/\/worldcreativity.org\/es\/wp-json\/wp\/v2\/comments?post=1047"}],"version-history":[{"count":6,"href":"https:\/\/worldcreativity.org\/es\/wp-json\/wp\/v2\/posts\/1047\/revisions"}],"predecessor-version":[{"id":1059,"href":"https:\/\/worldcreativity.org\/es\/wp-json\/wp\/v2\/posts\/1047\/revisions\/1059"}],"wp:featuredmedia":[{"embeddable":true,"href":"https:\/\/worldcreativity.org\/es\/wp-json\/wp\/v2\/media\/1056"}],"wp:attachment":[{"href":"https:\/\/worldcreativity.org\/es\/wp-json\/wp\/v2\/media?parent=1047"}],"wp:term":[{"taxonomy":"category","embeddable":true,"href":"https:\/\/worldcreativity.org\/es\/wp-json\/wp\/v2\/categories?post=1047"},{"taxonomy":"post_tag","embeddable":true,"href":"https:\/\/worldcreativity.org\/es\/wp-json\/wp\/v2\/tags?post=1047"}],"curies":[{"name":"wp","href":"https:\/\/api.w.org\/{rel}","templated":true}]}}